{"id":186,"date":"2024-01-20T12:39:45","date_gmt":"2024-01-20T11:39:45","guid":{"rendered":"https:\/\/parohia-sfintiitreiierarhi.com\/?p=186"},"modified":"2024-01-20T14:12:45","modified_gmt":"2024-01-20T13:12:45","slug":"corala-de-copii-la-festival-concurs-la-roma-2","status":"publish","type":"post","link":"https:\/\/parohia-sfintiitreiierarhi.com\/index.php\/2024\/01\/20\/corala-de-copii-la-festival-concurs-la-roma-2\/","title":{"rendered":"Corala de copii la festival-concurs la Roma !"},"content":{"rendered":"<p>Corala de copii a parohiei \u00ab\u00a0Sfin\u021bii Trei Ierarhi\u00a0\u00bb din La Courneuve-Paris a participat la a V-a edi\u021bie a Festivalului-Concurs interna\u021bional de colinde \u0219i c\u00e2ntece patriotice!<br \/>\n<\/p>\n<p>\u00cen perioada 1-3 decembrie, 11 coruri rom\u00e2ne\u0219ti din diaspora particip\u0103 la festivalul-concurs de colinde \u0219i c\u00e2ntece patriotice organizat de Asocia\u0163ia Orthodoxe Roumaine \u201eLa Chorale Les Saints Archanges\u201d, din Paris.<br \/>\n<br \/>\nAstfel, 45 de copii \u0219i tineri au f\u0103cut deplasarea la Roma pentru a reprezenta parohia noastr\u0103. Vineri, am vizitat istoricul ora\u0219 \u2013 Roma; am intrat \u00een Bazilica Sf. Petru de la Vatican, ne-am oprit la Colosseum, la Altarul Patriei, la Fontana di Trevi dar mai ales la Columna lui Traian unde am intonat Imnul na\u021bional al Rom\u00e2niei \u0219i c\u00e2teva c\u00e2ntece patriotice. V\u0103 partaj\u0103m c\u00e2teva din fotografiile noastre!<br \/>\n<br \/>\n-&gt; Azi, a avut loc partea I a Festivalului:\ufffc<br \/>\nPentru a respecta repertoriul impus de juriu, corurile au interpretat o c\u00e2ntare religioas\u0103, un c\u00e2ntec patriotic \u0219i un c\u00e2ntec popular.<br \/>\n<br \/>\n\u00cen competi\u021bie s-au \u00eenscris urm\u0103toarele coruri:<br \/>\n\u2013 Corul \u201eSf\u00e2ntul Voievod \u0218tefan Cel Mare\u201d din Viena (Austria);<br \/>\n\u2013 Corala de Copii a Parohiei \u201eSfin\u0163ii Trei Ierarhi\u201d La Courneuve (Fran\u0163a);<br \/>\n\u2013 Corala Ortodox\u0103 Rom\u00e2n\u0103 \u201eSfin\u0163ii Arhangheli\u2019\u2019 Paris (Fran\u0163a);<br \/>\n\u2013 Corala ACOR a Parohiei Ortodoxe Rom\u00e2ne Strasbourg (Fran\u0163a);<br \/>\n\u2013 Corul \u201eAgapia\u201d al Parohiei Ortodoxe Rom\u00e2ne \u201eBuna Vestire\u2019\u2019 M\u00fcnchen (Germania);<br \/>\n\u2013 Corala \u201eSf\u00e2ntul Daniil Sihastrul\u2019\u2019 Piacenza (Italia);<br \/>\n\u2013 Grupul Coral Polifonic Feminin \u201eArpeggio\u2019\u2019 Roma (Italia);<br \/>\n\u2013 Corala B\u0103rb\u0103teasc\u0103 \u201eSf\u00e2ntul Roman Melodul\u2019\u2019 Roma (Italia);<br \/>\n\u2013 Corala \u201eC\u00e2nt\u0103m Domnului\u2019\u2019 Torino (Italia);<br \/>\n\u2013 Corul \u201eSf\u00e2ntul Roman Melodul\u2019\u2019 al NEPSIS Irlanda.<br \/>\n<br \/>\nDin comisia de jurizare au f\u0103cut parte Preasfin\u021bitul P\u0103rinte Siluan, Episcop al Episcopiei Ortodoxe Rom\u00e2ne a Italiei, dl. Gheorghe C\u00e2rciu, pr. Don Franco Ponchia, Andrei Apreotesei, Manager al Ateneului Na\u021bional din Ia\u0219i, \u0219i Daniela Ciubotriu-Aprotesei, profesor de muzic\u0103.<br \/>\nPremiile nu au fost acordate \u00een aceast\u0103 sear\u0103.<br \/>\n<br \/>\n-&gt; Duminic\u0103, s-a s\u0103v\u00e2r\u0219it Sf\u00e2nta Liturghie de Preasfin\u021bitul P\u0103rinte Atanasie de Bogdania, episcop vicar al episcopiei Italiei\ufffc.<br \/>\n<br \/>\n\u00cencep\u00e2nd cu ora 14h, a avut loc a doua parte a festivalului-concurs interna\u021bional de colinde \u0219i c\u00e2ntece patriotice.<br \/>\n<br \/>\n\u00cen aceast\u0103 parte a concursului, coralele participante au interpretat un repertoriu liber compus de c\u00e2ntece de Cr\u0103ciun \u0219i colinde.<br \/>\n<br \/>\nCorala de copii a parohiei noastre, a c\u00e2ntat 4 colinde:<\/p>\n<p>\u2013 \u00ab\u00a0O ce veste minunat\u0103\u00a0\u00bb<br \/>\n\u2013 \u00ab\u00a0Floricica\u00a0\u00bb de Francisc Hubic<br \/>\n\u2013 \u00ab\u00a0Lerui Ler\u00a0\u00bb de Gabriel Popescu<br \/>\n\u2013 \u00ab\u00a0Plugu\u0219orul\u00a0\u00bb de Maxim Vasiliu<br \/>\n<br \/>\nLa final, din partea juriului, corala parohiei noastre a primit din m\u00e2na PS P\u0103rinte Atanasie de Bogdania \u0219i a maestrului Andrei Apreotesei , pre\u0219edinte al juriului, placheta cu premiul pentru \u00ab\u00a0Cel mai bun cor de copii din diaspora\u00a0\u00bb. Totodat\u0103, am primit \u0219i un premiu special \u00ab\u00a0Colind \u00eengeresc\u00a0\u00bb pentru cea mai frumoas\u0103 interpretare a unui colind str\u0103bun.<br \/>\n<br \/>\nG\u0103si\u021bi \u00eenregistrarea noastra pe YouTube aici :\u00a0<a href=\"https:\/\/youtu.be\/3TOd8ya4qxA?si=Eny3TQIjV0OVDYBYqq\">ap\u0103sa\u021bi aici<\/a><\/p>\n","protected":false},"excerpt":{"rendered":"<p>Corala de copii a parohiei \u00ab\u00a0Sfin\u021bii Trei Ierarhi\u00a0\u00bb din La Courneuve-Paris a participat la a V-a edi\u021bie a Festivalului-Concurs interna\u021bional de colinde \u0219i c\u00e2ntece patriotice! \u00cen perioada 1-3 decembrie, 11 coruri rom\u00e2ne\u0219ti din diaspora particip\u0103 la festivalul-concurs de colinde \u0219i c\u00e2ntece patriotice organizat de Asocia\u0163ia Orthodoxe Roumaine \u201eLa Chorale Les Saints Archanges\u201d, din Paris. Astfel,&hellip; <a class=\"more-link\" href=\"https:\/\/parohia-sfintiitreiierarhi.com\/index.php\/2024\/01\/20\/corala-de-copii-la-festival-concurs-la-roma-2\/\">Poursuivre la lecture <span class=\"screen-reader-text\">Corala de copii la festival-concurs la Roma !<\/span><\/a><\/p>\n","protected":false},"author":1,"featured_media":80,"comment_status":"open","ping_status":"open","sticky":false,"template":"","format":"standard","meta":{"footnotes":""},"categories":[1],"tags":[],"class_list":["post-186","post","type-post","status-publish","format-standard","has-post-thumbnail","hentry","category-non-classe","entry"],"_links":{"self":[{"href":"https:\/\/parohia-sfintiitreiierarhi.com\/index.php\/wp-json\/wp\/v2\/posts\/186","targetHints":{"allow":["GET"]}}],"collection":[{"href":"https:\/\/parohia-sfintiitreiierarhi.com\/index.php\/wp-json\/wp\/v2\/posts"}],"about":[{"href":"https:\/\/parohia-sfintiitreiierarhi.com\/index.php\/wp-json\/wp\/v2\/types\/post"}],"author":[{"embeddable":true,"href":"https:\/\/parohia-sfintiitreiierarhi.com\/index.php\/wp-json\/wp\/v2\/users\/1"}],"replies":[{"embeddable":true,"href":"https:\/\/parohia-sfintiitreiierarhi.com\/index.php\/wp-json\/wp\/v2\/comments?post=186"}],"version-history":[{"count":4,"href":"https:\/\/parohia-sfintiitreiierarhi.com\/index.php\/wp-json\/wp\/v2\/posts\/186\/revisions"}],"predecessor-version":[{"id":262,"href":"https:\/\/parohia-sfintiitreiierarhi.com\/index.php\/wp-json\/wp\/v2\/posts\/186\/revisions\/262"}],"wp:featuredmedia":[{"embeddable":true,"href":"https:\/\/parohia-sfintiitreiierarhi.com\/index.php\/wp-json\/wp\/v2\/media\/80"}],"wp:attachment":[{"href":"https:\/\/parohia-sfintiitreiierarhi.com\/index.php\/wp-json\/wp\/v2\/media?parent=186"}],"wp:term":[{"taxonomy":"category","embeddable":true,"href":"https:\/\/parohia-sfintiitreiierarhi.com\/index.php\/wp-json\/wp\/v2\/categories?post=186"},{"taxonomy":"post_tag","embeddable":true,"href":"https:\/\/parohia-sfintiitreiierarhi.com\/index.php\/wp-json\/wp\/v2\/tags?post=186"}],"curies":[{"name":"wp","href":"https:\/\/api.w.org\/{rel}","templated":true}]}}