{"id":327,"date":"2024-11-08T16:29:33","date_gmt":"2024-11-08T15:29:33","guid":{"rendered":"https:\/\/parohia-sfintiitreiierarhi.com\/?p=327"},"modified":"2024-11-08T16:29:33","modified_gmt":"2024-11-08T15:29:33","slug":"adunarea-eparhiala-7-10-noiembrie","status":"publish","type":"post","link":"https:\/\/parohia-sfintiitreiierarhi.com\/index.php\/2024\/11\/08\/adunarea-eparhiala-7-10-noiembrie\/","title":{"rendered":"Adunarea Eparhial\u0103 7-10 Noiembrie"},"content":{"rendered":"<p>Programul zilelor catedralei mitropolitane unde parohia noastr\u0103 va fi prezent\u0103.<\/p>\n<p>&nbsp;<\/p>\n<p><strong>JOI 7 NOIEMBRIE &#8211; 18H00 :<\/strong><\/p>\n<p>&nbsp;<\/p>\n<p>Primirea Sf. Moaste &#8211; m\u00e2na dreapt\u0103 a Sf. Nicolae (De 400 de ani se afl\u0103 la biserica voievodal\u0103 \u00ab\u00a0Sf\u00e2ntul Gheorghe Nou\u00a0\u00bb din Bucuresti).<br \/>\n<strong>Vecernie<\/strong> (Sfintii Arhangheli) (\u00cenchinarea preotilor si credinciosilor, prezentipentru Adunarea Eparhial\u0103, la Sf. Moaste)<\/p>\n<p>&nbsp;<\/p>\n<p><strong>VINERI 8 NOIREMBRIE (Sfintii Arhangheli)<\/strong><\/p>\n<p>&nbsp;<\/p>\n<p><strong>8:30-12:30<\/strong> : Utrenia si Sf\u00e2nta Liturghie<br \/>\nSlujesc : un episcop + 10 preoti + diaconi<\/p>\n<p>&nbsp;<\/p>\n<p><strong>13:00-14:00<\/strong> : Agap\u0103<\/p>\n<p>&nbsp;<\/p>\n<p><strong>14:00-17:00<\/strong> : Preo\u021bii prezen\u021bi (except\u00e2nd cei din regiunea parizian\u00e3), care doresc, pot avea o int\u00e2lnire personal scurt\u0103 cu IPS Parinte Mitropolit losif<\/p>\n<p>&nbsp;<\/p>\n<p class=\"p1\">(12h30 &#8211; 17h00 : Continu inchinarea la sfintele moaste ale Sf. Nicolae)Inscrierea delegatilor la Adunarea Eparhial\u0103)<\/p>\n<p>&nbsp;<\/p>\n<p class=\"p1\"><strong>17:00-20:00<\/strong> &#8211; Adunarea Eparhiala<\/p>\n<ul>\n<li class=\"p1\">17:00 &#8211; conferin\u021b\u0103 P. Ion luga (Olanda)<\/li>\n<li class=\"p1\">17:20 &#8211; conferin\u021b\u0103 P. Marc Antoine (Franta)<\/li>\n<li class=\"p1\"><span class=\"Apple-converted-space\">17: <\/span>40 &#8211; dialog<\/li>\n<li class=\"p1\"><span class=\"Apple-converted-space\">18:<\/span>00 &#8211; Deschiderea Adun\u0103rii Eparhiale<br \/>\nIPS P\u0103rinte Mitropolit losif &#8211; introducere Adunare Eparhial\u00e3<br \/>\nRaport moral (contribuie o parte dintre consilieri)<br \/>\nRaport financiar<br \/>\nAlegerea Consiliului (Asociatia AEOR)<\/li>\n<li class=\"p1\">21:00 &#8211; Cin\u0103<\/li>\n<\/ul>\n<p>&nbsp;<\/p>\n<p class=\"p1\"><strong>S\u00c2MBATA 9 noiembrie 2024 (Sf. Nectarie)<\/strong><\/p>\n<p>&nbsp;<\/p>\n<p class=\"p1\"><strong>08:30-12:30<\/strong> : Utrenia si Sf\u00e2nta Liturghie<br \/>\nSlujitori : episcopii sinodului mitropolitan, aprox. 10 preo\u021bi (consilieri si protopopi)<br \/>\nHirotonie diacon (Mihai)<br \/>\n(Ordinul Mitropolitul Visarion (episcopi))<br \/>\n(Cruci pentru toti preotii)<\/p>\n<p>&nbsp;<\/p>\n<p class=\"p1\"><strong>15:00-17:30<\/strong> : Conferin\u021be<br \/>\n(75 ani de la Crearea Eparchie orthodoxe roumaine en Europe Occidentale la Paris)<\/p>\n<ul>\n<li class=\"p1\"><strong>Adrian Nicolae Peteu<\/strong> &#8211; \u201eEparhia rom\u00e2nilor din apusul Europei sub conducerea mitropolitului Visarion Puiu\u00a0\u00bb (+ expozitie documente si imagini)<\/li>\n<li class=\"p1\"><strong>Pr. Florin Tuscanu<\/strong> &#8211; \u201eUltimul an din viata mitropolitului Visarion Puiu. 60 de ani de la moartea si funeraliile sale.\u00a0\u00bb (prezentarea de carte: Pr. Dr. Aurel Florin Tuscanu, Corespondenta Mitropolitului Visarion Puiu cu Don Giovanni Calabria, Editura Lexon Prim, Chisin\u0103u, 2020, 312 p.)<\/li>\n<\/ul>\n<p>&nbsp;<\/p>\n<p class=\"p1\"><strong>18:00<\/strong> : Vecernia<\/p>\n<p>&nbsp;<\/p>\n<p class=\"p1\"><strong>19:00<\/strong> : Concert (lonel Streba, Valentina Dasc\u00e4lu, corala copii, corala mare, Maria Coman)<\/p>\n<p>&nbsp;<\/p>\n<p class=\"p1\"><strong>DUMINIC\u00c3 10 noiembrie 2024<\/strong><\/p>\n<p class=\"p1\"><strong>08:30-12:00<\/strong> : Utrenia si Sf\u00e2nta Liturghie (agap\u0103)<\/p>\n<p class=\"p1\">(12:30-20:00 Continu\u0103 \u00eenchinarea la sfintele moaste ale Sf. Nicolae)<\/p>\n","protected":false},"excerpt":{"rendered":"<p>Programul zilelor catedralei mitropolitane unde parohia noastr\u0103 va fi prezent\u0103. &nbsp; JOI 7 NOIEMBRIE &#8211; 18H00 : &nbsp; Primirea Sf. Moaste &#8211; m\u00e2na dreapt\u0103 a Sf. Nicolae (De 400 de ani se afl\u0103 la biserica voievodal\u0103 \u00ab\u00a0Sf\u00e2ntul Gheorghe Nou\u00a0\u00bb din Bucuresti). Vecernie (Sfintii Arhangheli) (\u00cenchinarea preotilor si credinciosilor, prezentipentru Adunarea Eparhial\u0103, la Sf. Moaste) &nbsp;&hellip; <a class=\"more-link\" href=\"https:\/\/parohia-sfintiitreiierarhi.com\/index.php\/2024\/11\/08\/adunarea-eparhiala-7-10-noiembrie\/\">Poursuivre la lecture <span class=\"screen-reader-text\">Adunarea Eparhial\u0103 7-10 Noiembrie<\/span><\/a><\/p>\n","protected":false},"author":1,"featured_media":328,"comment_status":"open","ping_status":"open","sticky":false,"template":"","format":"standard","meta":{"footnotes":""},"categories":[1],"tags":[],"class_list":["post-327","post","type-post","status-publish","format-standard","has-post-thumbnail","hentry","category-non-classe","entry"],"_links":{"self":[{"href":"https:\/\/parohia-sfintiitreiierarhi.com\/index.php\/wp-json\/wp\/v2\/posts\/327","targetHints":{"allow":["GET"]}}],"collection":[{"href":"https:\/\/parohia-sfintiitreiierarhi.com\/index.php\/wp-json\/wp\/v2\/posts"}],"about":[{"href":"https:\/\/parohia-sfintiitreiierarhi.com\/index.php\/wp-json\/wp\/v2\/types\/post"}],"author":[{"embeddable":true,"href":"https:\/\/parohia-sfintiitreiierarhi.com\/index.php\/wp-json\/wp\/v2\/users\/1"}],"replies":[{"embeddable":true,"href":"https:\/\/parohia-sfintiitreiierarhi.com\/index.php\/wp-json\/wp\/v2\/comments?post=327"}],"version-history":[{"count":1,"href":"https:\/\/parohia-sfintiitreiierarhi.com\/index.php\/wp-json\/wp\/v2\/posts\/327\/revisions"}],"predecessor-version":[{"id":329,"href":"https:\/\/parohia-sfintiitreiierarhi.com\/index.php\/wp-json\/wp\/v2\/posts\/327\/revisions\/329"}],"wp:featuredmedia":[{"embeddable":true,"href":"https:\/\/parohia-sfintiitreiierarhi.com\/index.php\/wp-json\/wp\/v2\/media\/328"}],"wp:attachment":[{"href":"https:\/\/parohia-sfintiitreiierarhi.com\/index.php\/wp-json\/wp\/v2\/media?parent=327"}],"wp:term":[{"taxonomy":"category","embeddable":true,"href":"https:\/\/parohia-sfintiitreiierarhi.com\/index.php\/wp-json\/wp\/v2\/categories?post=327"},{"taxonomy":"post_tag","embeddable":true,"href":"https:\/\/parohia-sfintiitreiierarhi.com\/index.php\/wp-json\/wp\/v2\/tags?post=327"}],"curies":[{"name":"wp","href":"https:\/\/api.w.org\/{rel}","templated":true}]}}