{"id":331,"date":"2024-11-20T22:36:15","date_gmt":"2024-11-20T21:36:15","guid":{"rendered":"https:\/\/parohia-sfintiitreiierarhi.com\/?p=331"},"modified":"2024-11-20T22:36:15","modified_gmt":"2024-11-20T21:36:15","slug":"invitatie-nepsis-winter-festival","status":"publish","type":"post","link":"https:\/\/parohia-sfintiitreiierarhi.com\/index.php\/2024\/11\/20\/invitatie-nepsis-winter-festival\/","title":{"rendered":"Invita\u021bie &#8211; Nepsis Winter Festival"},"content":{"rendered":"<p><span style=\"font-family: garamond, times new roman, serif;\">Ca \u00een fiecare an, perioada postului Na\u0219terii Domnului este un prilej de bucurie pentru to\u021bi.\u00a0<\/span><\/p>\n<p><span style=\"font-family: garamond, times new roman, serif;\">Aceast\u0103 bucurie se resimte prin c\u00e2nt\u0103rile liturgice premerg\u0103toare praznicului, prin participarea mai activ\u0103 la sfintele slujbe, dar mai ales prin colindele str\u0103bune!<\/span><\/p>\n<p><span style=\"font-family: garamond, times new roman, serif;\">De aceea, ca \u00een fiecare an, v\u0103 invit\u0103m la tradi\u021bionalul concert de colinde \u201c*Nepsis Winter Festival*\u201d, la care vor participa coralele parohiilor din regiunea parizian\u0103.\u00a0<\/span><\/p>\n<p><span style=\"font-family: garamond, times new roman, serif;\">Anul acesta, datorit\u0103 spa\u021biului generos \u0219i condi\u021biilor oferite, evenimentul se va desf\u0103\u0219ura la Biserica Sfin\u021bii Trei Ierarhi din La Courneuve.<\/span><\/p>\n<p><span style=\"font-family: garamond, times new roman, serif;\">Dup\u0103 ce vom colinda \u00eempreun\u0103, ne vom bucura \u0219i \u00een jurul unei agape preg\u0103tit\u0103 de credincio\u0219ii parohiei.<\/span><\/p>\n<p><span style=\"font-family: garamond, times new roman, serif;\">\u2014<\/span><\/p>\n<p><strong><span style=\"font-family: garamond, times new roman, serif;\">Informa\u021bii utile:<\/span><\/strong><\/p>\n<p><span style=\"font-family: garamond, times new roman, serif;\">&#8211; Adresa: 1 rue du Colombier Blanc, La Courneuve<\/span><\/p>\n<p><span style=\"font-family: garamond, times new roman, serif;\">&#8211; \u2060Metro 7 (8 Mai 1945)<\/span><\/p>\n<p><span style=\"font-family: garamond, times new roman, serif;\">&#8211; \u2060RER B (La Courneuve Aubervilliers)<\/span><\/p>\n<p><span style=\"font-family: garamond, times new roman, serif;\">&#8211; \u2060locuri de parcare disponibile<\/span><\/p>\n<p><span style=\"font-family: garamond, times new roman, serif;\">&#8211; \u2060<strong>inscrierile<\/strong> se fac la urm\u0103torul num\u0103r de telefon:\u00a0+33\u00a06\u00a095\u00a083\u00a078\u00a056\u00a0(<wbr \/>Ioana)<\/span><\/p>\n<p><span style=\"font-family: garamond, times new roman, serif;\">&#8211; \u2060Fiecare coral\u0103 va interpreta colinde timp de 15 min<\/span><\/p>\n<p><span style=\"font-family: garamond, times new roman, serif;\">\u2014<\/span><\/p>\n<p><span style=\"font-family: garamond, times new roman, serif;\">Este un prilej ales de a ne colinda unii pe al\u021bii \u00eenainte ca unii s\u0103 plece \u00een \u021bar\u0103 cu ocazia s\u0103rb\u0103torilor de iarn\u0103.\u00a0<\/span><\/p>\n<p><span style=\"font-family: garamond, times new roman, serif;\">V\u0103 a\u0219tept\u0103m cu drag! \u0218i v\u0103 \u00eendemn\u0103m s\u0103 trimite\u021bi mesajul \u0219i celor apropia\u021bi!<\/span><\/p>\n<p><span style=\"font-family: garamond, times new roman, serif;\">Cu drag!<\/span><\/p>\n<p>&nbsp;<\/p>\n<p><img fetchpriority=\"high\" decoding=\"async\" class=\"alignnone wp-image-332 size-large\" src=\"https:\/\/parohia-sfintiitreiierarhi.com\/wp-content\/uploads\/2024\/11\/concert-colinde--1024x724.png\" alt=\"\" width=\"750\" height=\"530\" srcset=\"https:\/\/parohia-sfintiitreiierarhi.com\/wp-content\/uploads\/2024\/11\/concert-colinde--1024x724.png 1024w, https:\/\/parohia-sfintiitreiierarhi.com\/wp-content\/uploads\/2024\/11\/concert-colinde--300x212.png 300w, https:\/\/parohia-sfintiitreiierarhi.com\/wp-content\/uploads\/2024\/11\/concert-colinde--768x543.png 768w, https:\/\/parohia-sfintiitreiierarhi.com\/wp-content\/uploads\/2024\/11\/concert-colinde--1536x1086.png 1536w, https:\/\/parohia-sfintiitreiierarhi.com\/wp-content\/uploads\/2024\/11\/concert-colinde--1568x1109.png 1568w, https:\/\/parohia-sfintiitreiierarhi.com\/wp-content\/uploads\/2024\/11\/concert-colinde-.png 2000w\" sizes=\"(max-width: 750px) 100vw, 750px\" \/><\/p>\n","protected":false},"excerpt":{"rendered":"<p>Ca \u00een fiecare an, perioada postului Na\u0219terii Domnului este un prilej de bucurie pentru to\u021bi.\u00a0 Aceast\u0103 bucurie se resimte prin c\u00e2nt\u0103rile liturgice premerg\u0103toare praznicului, prin participarea mai activ\u0103 la sfintele slujbe, dar mai ales prin colindele str\u0103bune! De aceea, ca \u00een fiecare an, v\u0103 invit\u0103m la tradi\u021bionalul concert de colinde \u201c*Nepsis Winter Festival*\u201d, la care&hellip; <a class=\"more-link\" href=\"https:\/\/parohia-sfintiitreiierarhi.com\/index.php\/2024\/11\/20\/invitatie-nepsis-winter-festival\/\">Poursuivre la lecture <span class=\"screen-reader-text\">Invita\u021bie &#8211; Nepsis Winter Festival<\/span><\/a><\/p>\n","protected":false},"author":1,"featured_media":332,"comment_status":"open","ping_status":"open","sticky":false,"template":"","format":"standard","meta":{"footnotes":""},"categories":[1],"tags":[],"class_list":["post-331","post","type-post","status-publish","format-standard","has-post-thumbnail","hentry","category-non-classe","entry"],"_links":{"self":[{"href":"https:\/\/parohia-sfintiitreiierarhi.com\/index.php\/wp-json\/wp\/v2\/posts\/331","targetHints":{"allow":["GET"]}}],"collection":[{"href":"https:\/\/parohia-sfintiitreiierarhi.com\/index.php\/wp-json\/wp\/v2\/posts"}],"about":[{"href":"https:\/\/parohia-sfintiitreiierarhi.com\/index.php\/wp-json\/wp\/v2\/types\/post"}],"author":[{"embeddable":true,"href":"https:\/\/parohia-sfintiitreiierarhi.com\/index.php\/wp-json\/wp\/v2\/users\/1"}],"replies":[{"embeddable":true,"href":"https:\/\/parohia-sfintiitreiierarhi.com\/index.php\/wp-json\/wp\/v2\/comments?post=331"}],"version-history":[{"count":1,"href":"https:\/\/parohia-sfintiitreiierarhi.com\/index.php\/wp-json\/wp\/v2\/posts\/331\/revisions"}],"predecessor-version":[{"id":333,"href":"https:\/\/parohia-sfintiitreiierarhi.com\/index.php\/wp-json\/wp\/v2\/posts\/331\/revisions\/333"}],"wp:featuredmedia":[{"embeddable":true,"href":"https:\/\/parohia-sfintiitreiierarhi.com\/index.php\/wp-json\/wp\/v2\/media\/332"}],"wp:attachment":[{"href":"https:\/\/parohia-sfintiitreiierarhi.com\/index.php\/wp-json\/wp\/v2\/media?parent=331"}],"wp:term":[{"taxonomy":"category","embeddable":true,"href":"https:\/\/parohia-sfintiitreiierarhi.com\/index.php\/wp-json\/wp\/v2\/categories?post=331"},{"taxonomy":"post_tag","embeddable":true,"href":"https:\/\/parohia-sfintiitreiierarhi.com\/index.php\/wp-json\/wp\/v2\/tags?post=331"}],"curies":[{"name":"wp","href":"https:\/\/api.w.org\/{rel}","templated":true}]}}