{"id":405,"date":"2025-12-05T12:34:39","date_gmt":"2025-12-05T11:34:39","guid":{"rendered":"https:\/\/parohia-sfintiitreiierarhi.com\/?p=405"},"modified":"2025-12-05T12:37:18","modified_gmt":"2025-12-05T11:37:18","slug":"marele-premiu-al-festivalului-international-de-colinde-de-la-dublin-irlanda","status":"publish","type":"post","link":"https:\/\/parohia-sfintiitreiierarhi.com\/index.php\/2025\/12\/05\/marele-premiu-al-festivalului-international-de-colinde-de-la-dublin-irlanda\/","title":{"rendered":"Marele Premiu al Festivalului interna\u021bional de colinde de la Dublin &#8211; Irlanda"},"content":{"rendered":"<p>Cu binecuv\u00e2ntarea IPS Mitropolit Iosif, \u00een ultimul weekend al lunii Noiembrie, corala de copii a parohiei s-a aflat la Dublin (Irlanda) pentru a 7-a edi\u021bie a Festivalului interna\u021bional de colinde al diasporei rom\u00e2ne\u0219ti g\u0103zduit anul acesta \u00een Catedrala Episcopal\u0103.<\/p>\n<p>&nbsp;<\/p>\n<p>S\u00e2mb\u0103t\u0103 29 noiembrie \u0219i Duminic\u0103 30 noiembrie, cu binecuv\u00e2ntarea Preasfin\u021bitului P\u0103rinte Nectarie, Episcopul Ortodox Rom\u00e2n al Irlandei \u0219i Islandei evenimentul a reunit peste 315 cori\u0219ti rom\u00e2ni &#8211; din Rom\u00e2nia, Republica Moldova \u0219i din \u00eentreaga Europ\u0103 &#8211; care au vestit Na\u0219terea Domnului prin glasuri de colind. De asemenea au fost interpretate c\u00e2nt\u0103ri din repertoriul religios \u0219i folcloric rom\u00e2nesc.<\/p>\n<p>&nbsp;<\/p>\n<p>Au participat urm\u0103toarele corale:<br \/>\n\u2022 Corul de copii al \u0218colii \u201cVarlaam Mitropolitul\u201d \u2013 Ia\u0219i (Rom\u00e2nia), dirijat de Ilinca Furtun\u0103<br \/>\n\u2022 Corul de copii \u00ab\u00a0Vitejii\u00a0\u00bb al Liceului \u201cMihai Viteazu\u201d \u2013 Chi\u0219in\u0103u (Republica Moldova), dirijat de Pr. Gurie Dumbrav\u0103<br \/>\n\u2022 Corala de copii a Parohiei \u201cSfin\u021bii Trei Ierarhi\u201d \u2013 La Courneuve (Paris), dirijat\u0103 de Pr. Mircea Filip<br \/>\n\u2022 Corul \u201cSf\u00e2ntul Roman Melodul\u201d al Asocia\u021biei Nepsis Ireland \u2013 Dublin, dirijat de Diac. Cristian Pasere \u0219i Andrei Ursaciuc<br \/>\n\u2022 Corala \u201cSfin\u021bii Arhangheli\u201d \u2013 Paris, dirijat\u0103 de Ionu\u021b Furtun\u0103<br \/>\n\u2022 Corala \u201eC\u00e2nt\u0103m Domnului\u201d \u2013 Torino, dirijat\u0103 de Pr. Cristian Vasilescu<br \/>\n\u2022 Corul \u201cArmonia\u201d al Parohiei Na\u0219terea Domnului \u2013 M\u00fcnchen, dirijat de Ciprian Munteanu<br \/>\n\u2022 Corala \u201cAgapia\u201d a Parohiei Buna Vestire \u2013 M\u00fcnchen, dirijat\u0103 de Diac. Adrian Sandu<br \/>\n\u2022 Corala \u201cSf\u00e2ntul Roman Melodul\u201d a Episcopiei Ortodoxe Rom\u00e2ne a Italiei \u2013 Roma, dirijat\u0103 de Pr. Andrei Aslan<br \/>\n\u2022 Corul psaltic al Catedralei Arhiepiscopale Sf. Gheorghe din Londra, dirijat de protopsaltul Valentin Gheorghe.<\/p>\n<p>&nbsp;<\/p>\n<p>La sf\u00e2r\u0219itul festivalului juriul a acordat distinc\u021bii fiec\u0103rei corale, \u0219i a acordat Marele Premiu, coralei de copii a parohiei \u201cSfin\u021bii Trei Ierarhi\u201d &#8211; Paris \u0219i corului de copii al \u0218colii \u201cVarlaam Mitropolitul\u201d \u2013 Ia\u0219i.<\/p>\n<p>&nbsp;<\/p>\n<p>Felicit\u0103ri organizatorilor \u0219i voluntarilor Nepsis Irlanda pentru mobilizarea lor \u0219i pentru deosebita organizare a evenimentului!<\/p>\n<p>&nbsp;<\/p>\n<p>Anul viitor, la \u00eenceputul lunii decembrie, cu binecuv\u00e2ntarea IPS Mitropolit Iosif, parohia \u201cSfin\u021bii Trei Ierarhi\u201d La Courneuve- PARIS \u00eempreun\u0103 cu p\u0103rintele Mircea Filip vor g\u0103zdui edi\u021bia a 8-a a festivalului!<\/p>\n","protected":false},"excerpt":{"rendered":"<p>Cu binecuv\u00e2ntarea IPS Mitropolit Iosif, \u00een ultimul weekend al lunii Noiembrie, corala de copii a parohiei s-a aflat la Dublin (Irlanda) pentru a 7-a edi\u021bie a Festivalului interna\u021bional de colinde al diasporei rom\u00e2ne\u0219ti g\u0103zduit anul acesta \u00een Catedrala Episcopal\u0103. &nbsp; S\u00e2mb\u0103t\u0103 29 noiembrie \u0219i Duminic\u0103 30 noiembrie, cu binecuv\u00e2ntarea Preasfin\u021bitului P\u0103rinte Nectarie, Episcopul Ortodox Rom\u00e2n&hellip; <a class=\"more-link\" href=\"https:\/\/parohia-sfintiitreiierarhi.com\/index.php\/2025\/12\/05\/marele-premiu-al-festivalului-international-de-colinde-de-la-dublin-irlanda\/\">Poursuivre la lecture <span class=\"screen-reader-text\">Marele Premiu al Festivalului interna\u021bional de colinde de la Dublin &#8211; Irlanda<\/span><\/a><\/p>\n","protected":false},"author":1,"featured_media":406,"comment_status":"open","ping_status":"open","sticky":false,"template":"","format":"standard","meta":{"footnotes":""},"categories":[8],"tags":[],"class_list":["post-405","post","type-post","status-publish","format-standard","has-post-thumbnail","hentry","category-viata-parohiei","entry"],"_links":{"self":[{"href":"https:\/\/parohia-sfintiitreiierarhi.com\/index.php\/wp-json\/wp\/v2\/posts\/405","targetHints":{"allow":["GET"]}}],"collection":[{"href":"https:\/\/parohia-sfintiitreiierarhi.com\/index.php\/wp-json\/wp\/v2\/posts"}],"about":[{"href":"https:\/\/parohia-sfintiitreiierarhi.com\/index.php\/wp-json\/wp\/v2\/types\/post"}],"author":[{"embeddable":true,"href":"https:\/\/parohia-sfintiitreiierarhi.com\/index.php\/wp-json\/wp\/v2\/users\/1"}],"replies":[{"embeddable":true,"href":"https:\/\/parohia-sfintiitreiierarhi.com\/index.php\/wp-json\/wp\/v2\/comments?post=405"}],"version-history":[{"count":2,"href":"https:\/\/parohia-sfintiitreiierarhi.com\/index.php\/wp-json\/wp\/v2\/posts\/405\/revisions"}],"predecessor-version":[{"id":411,"href":"https:\/\/parohia-sfintiitreiierarhi.com\/index.php\/wp-json\/wp\/v2\/posts\/405\/revisions\/411"}],"wp:featuredmedia":[{"embeddable":true,"href":"https:\/\/parohia-sfintiitreiierarhi.com\/index.php\/wp-json\/wp\/v2\/media\/406"}],"wp:attachment":[{"href":"https:\/\/parohia-sfintiitreiierarhi.com\/index.php\/wp-json\/wp\/v2\/media?parent=405"}],"wp:term":[{"taxonomy":"category","embeddable":true,"href":"https:\/\/parohia-sfintiitreiierarhi.com\/index.php\/wp-json\/wp\/v2\/categories?post=405"},{"taxonomy":"post_tag","embeddable":true,"href":"https:\/\/parohia-sfintiitreiierarhi.com\/index.php\/wp-json\/wp\/v2\/tags?post=405"}],"curies":[{"name":"wp","href":"https:\/\/api.w.org\/{rel}","templated":true}]}}