{"id":408,"date":"2025-12-05T12:36:49","date_gmt":"2025-12-05T11:36:49","guid":{"rendered":"https:\/\/parohia-sfintiitreiierarhi.com\/?p=408"},"modified":"2025-12-05T12:37:55","modified_gmt":"2025-12-05T11:37:55","slug":"concert-de-colinde-sustinut-de-stefan-hrusca","status":"publish","type":"post","link":"https:\/\/parohia-sfintiitreiierarhi.com\/index.php\/2025\/12\/05\/concert-de-colinde-sustinut-de-stefan-hrusca\/","title":{"rendered":"Concert de colinde sus\u021binut de \u0218tefan Hru\u0219c\u0103"},"content":{"rendered":"<p>Cu binecuv\u00e2ntarea \u0219i \u00een prezen\u021ba IPS Mitropolit Iosif, parohia Sfin\u021bii Trei Ierarhi din La Courneuve-Paris \u00eempreun\u0103 cu p\u0103rintele paroh Mircea Filip, a organizat joi 4 decembrie un recital de colinde sus\u021binut de cunoscutul \u0219i \u00eendr\u0103gitul artist \u0218tefan Hru\u0219c\u0103.<\/p>\n<p>&nbsp;<\/p>\n<p>La eveniment au participat doamna Ecaterina Maria Constantinescu, consul general al Rom\u00e2niei la Paris, delegatul Excelen\u021bei Sale Ioana Bivolaru, ambasadoarea Rom\u00e2niei \u00een Fran\u021ba &#8211; domnul Paul Hussar, \u0219i al\u021bi reprezentan\u021bi ai ambasadei Rom\u00e2niei la Paris.<\/p>\n<p>&nbsp;<\/p>\n<p>Au fost prezen\u021bi \u00een jur de 800 de participan\u021bi.<\/p>\n<p>&nbsp;<\/p>\n<p>Astfel biserica a fost plin\u0103 de inimi doritoare de colinde \u0219i de un moment de tr\u0103ire rom\u00e2neasc\u0103 \u00een perioada acestui post al Na\u0219terii Domnului. Bucuria c\u00e2nt\u0103rilor s-a prelungit cu un cozonac \u0219i un vin cald oferit de credincio\u0219ii parohiei.<\/p>\n<p>&nbsp;<\/p>\n<p>Acest eveniment caritabil a avut ca scop sus\u021binerea financiar\u0103 a copiilor \u0219i tinerilor din Basarabia, prin oferirea de burse de studiu \u0219i sprijin educa\u021bional. Ini\u021biativa se desf\u0103\u0219oar\u0103 de mai mul\u021bi ani at\u00e2t \u00een cadrul Parohiei \u201eSfin\u021bii Trei Ierarhi\u201d, c\u00e2t \u0219i la nivelul Arhiepiscopiei Europei Occidentale, devenind un obicei prin care comunitatea din diaspora \u00ee\u0219i exprim\u0103 solidaritatea \u0219i dragostea fa\u021b\u0103 de tinerii basarabeni afla\u021bi \u00een nevoie.<\/p>\n<p>&nbsp;<\/p>\n<p>Evenimentul a fost o m\u0103rturie a dragostei, a unit\u0103\u021bii \u0219i a spiritului rom\u00e2nesc care ne adun\u0103 de fiecare dat\u0103 \u00een pragul s\u0103rb\u0103torilor de iarn\u0103.<\/p>\n","protected":false},"excerpt":{"rendered":"<p>Cu binecuv\u00e2ntarea \u0219i \u00een prezen\u021ba IPS Mitropolit Iosif, parohia Sfin\u021bii Trei Ierarhi din La Courneuve-Paris \u00eempreun\u0103 cu p\u0103rintele paroh Mircea Filip, a organizat joi 4 decembrie un recital de colinde sus\u021binut de cunoscutul \u0219i \u00eendr\u0103gitul artist \u0218tefan Hru\u0219c\u0103. &nbsp; La eveniment au participat doamna Ecaterina Maria Constantinescu, consul general al Rom\u00e2niei la Paris, delegatul Excelen\u021bei&hellip; <a class=\"more-link\" href=\"https:\/\/parohia-sfintiitreiierarhi.com\/index.php\/2025\/12\/05\/concert-de-colinde-sustinut-de-stefan-hrusca\/\">Poursuivre la lecture <span class=\"screen-reader-text\">Concert de colinde sus\u021binut de \u0218tefan Hru\u0219c\u0103<\/span><\/a><\/p>\n","protected":false},"author":1,"featured_media":409,"comment_status":"open","ping_status":"open","sticky":false,"template":"","format":"standard","meta":{"footnotes":""},"categories":[8],"tags":[],"class_list":["post-408","post","type-post","status-publish","format-standard","has-post-thumbnail","hentry","category-viata-parohiei","entry"],"_links":{"self":[{"href":"https:\/\/parohia-sfintiitreiierarhi.com\/index.php\/wp-json\/wp\/v2\/posts\/408","targetHints":{"allow":["GET"]}}],"collection":[{"href":"https:\/\/parohia-sfintiitreiierarhi.com\/index.php\/wp-json\/wp\/v2\/posts"}],"about":[{"href":"https:\/\/parohia-sfintiitreiierarhi.com\/index.php\/wp-json\/wp\/v2\/types\/post"}],"author":[{"embeddable":true,"href":"https:\/\/parohia-sfintiitreiierarhi.com\/index.php\/wp-json\/wp\/v2\/users\/1"}],"replies":[{"embeddable":true,"href":"https:\/\/parohia-sfintiitreiierarhi.com\/index.php\/wp-json\/wp\/v2\/comments?post=408"}],"version-history":[{"count":2,"href":"https:\/\/parohia-sfintiitreiierarhi.com\/index.php\/wp-json\/wp\/v2\/posts\/408\/revisions"}],"predecessor-version":[{"id":412,"href":"https:\/\/parohia-sfintiitreiierarhi.com\/index.php\/wp-json\/wp\/v2\/posts\/408\/revisions\/412"}],"wp:featuredmedia":[{"embeddable":true,"href":"https:\/\/parohia-sfintiitreiierarhi.com\/index.php\/wp-json\/wp\/v2\/media\/409"}],"wp:attachment":[{"href":"https:\/\/parohia-sfintiitreiierarhi.com\/index.php\/wp-json\/wp\/v2\/media?parent=408"}],"wp:term":[{"taxonomy":"category","embeddable":true,"href":"https:\/\/parohia-sfintiitreiierarhi.com\/index.php\/wp-json\/wp\/v2\/categories?post=408"},{"taxonomy":"post_tag","embeddable":true,"href":"https:\/\/parohia-sfintiitreiierarhi.com\/index.php\/wp-json\/wp\/v2\/tags?post=408"}],"curies":[{"name":"wp","href":"https:\/\/api.w.org\/{rel}","templated":true}]}}