{"id":870,"date":"2026-08-30T23:26:46","date_gmt":"2026-08-30T21:26:46","guid":{"rendered":"https:\/\/parohia-sfintiitreiierarhi.com\/?p=870"},"modified":"2026-08-30T23:27:22","modified_gmt":"2026-08-30T21:27:22","slug":"sfarsit-de-an-scolar-la-scoala-regina-maria-din-paris","status":"publish","type":"post","link":"https:\/\/parohia-sfintiitreiierarhi.com\/index.php\/2026\/08\/30\/sfarsit-de-an-scolar-la-scoala-regina-maria-din-paris\/","title":{"rendered":"Sf\u00e2r\u0219it de an \u0219colar la \u0218coala \u00ab Regina Maria \u00bb din Paris"},"content":{"rendered":"<p>Duminic\u0103 28 iunie a avut loc festivitatea de \u00eencheiere a anului \u0219colar 2025\/2026 pentru cei 140 de elevi de la \u0218coala Rom\u00e2neasc\u0103 \u00ab Regina Maria \u00bb, \u00een biserica parohiei Sfin\u021bii Trei Ierarhi din La Courneuve.<\/p>\n<p>&nbsp;<\/p>\n<p>Doamna preoteas\u0103 Iulia Filip, directorul \u0219colii \u0219i profesor de matematic\u0103, a prezentat activit\u0103\u021bile \u0219colii \u0219i le-a mul\u021bumit celor 20 de cadre didactice care in mod benevol s-au ocupat \u0219i \u00een acest an de cele 7 clase de elevi, de la grupa mare de gr\u0103dini\u021b\u0103 p\u00e2n\u0103 la clasa a 9-a.<\/p>\n<p>&nbsp;<\/p>\n<p>Au fost premia\u021bi elevii care s-au distins la diferitele probe \u0219i concursuri din timpul anului:<\/p>\n<p>&#8211; Olimpiada de matematic\u0103<br \/>\n&#8211; Concursul de poezie<br \/>\n&#8211; Proiectul \u201cPrimul meu ierbar\u201d<\/p>\n<p>&nbsp;<\/p>\n<p>Aceste proiecte au fost organizate sub \u00eendrumarea \u0219i supravegherea profesorilor Anca Moro\u0219an, C\u0103t\u0103lin Iordache, Paula Chira, Drago\u0219 Marcu, Iulia Filip &#8211; care s-au implicat \u0219i \u00een acest an cu mult\u0103 d\u0103ruire pentru formarea copiilor.<\/p>\n<p>&nbsp;<\/p>\n<p>Amintim de asemenea c\u0103 pe parcursul anului s-au organizat mai multe momente deosebite pentru elevi precum campionatul de \u0219ah din luna februarie, turneul de fotbal \u201cCupa Prieteniei\u201d \u00een luna aprilie \u0219i proiecte la istorie \u0219i geografie \u201cO familie &#8211; dou\u0103 \u021b\u0103ri\u201d, \u201cTipurile de relief ale Rom\u00e2niei\u201d.<\/p>\n<p>&nbsp;<\/p>\n<p>Toate clasele au beneficiat de un curs de nutri\u021bie sus\u021binut de Dr. Rica Stanciu pentru a \u00een\u021belege importan\u021ba unei alimenta\u021bii echilibrate \u0219i a obiceiurilor s\u0103n\u0103toase.<br \/>\nDe asemenea, la nivelul \u00eentregii \u0219coli a fost organizat\u0103 o prezentare despre importan\u021ba somnului, desf\u0103\u0219urat\u0103 \u00een cadrul unui proiect de preven\u021bie ini\u021biat \u0219i sus\u021binut de studen\u021bi de la Facultatea de Medicin\u0103 de la Sorbona.<\/p>\n<p>&nbsp;<\/p>\n<p>La finalul evenimentului, to\u021bi cei prezen\u021bi au primit diplome de apreciere \u0219i daruri oferite de parohie, iar cadrele didactice au fost r\u0103spl\u0103tite cu mesaje de recuno\u0219tin\u021b\u0103 \u0219i mul\u021bumiri din partea p\u0103rin\u021bilor pentru dedicarea \u0219i efortul depus pe parcursul acestui an \u0219colar.<\/p>\n<p>&nbsp;<\/p>\n<p>Festivitatea s-a \u00eencheiat prin intonarea imnului elevilor \u0219i al studen\u021bilor \u00ab\u00a0Gaudeamus Igitur\u00a0\u00bb c\u00e2ntat de copii \u0219i tineri a\u0219a dup\u0103 cum e tradi\u021bia \u00een \u0219colile din \u021bar\u0103.<\/p>\n","protected":false},"excerpt":{"rendered":"<p>Duminic\u0103 28 iunie a avut loc festivitatea de \u00eencheiere a anului \u0219colar 2025\/2026 pentru cei 140 de elevi de la \u0218coala Rom\u00e2neasc\u0103 \u00ab Regina Maria \u00bb, \u00een biserica parohiei Sfin\u021bii Trei Ierarhi din La Courneuve. &nbsp; Doamna preoteas\u0103 Iulia Filip, directorul \u0219colii \u0219i profesor de matematic\u0103, a prezentat activit\u0103\u021bile \u0219colii \u0219i le-a mul\u021bumit celor 20&hellip; <a class=\"more-link\" href=\"https:\/\/parohia-sfintiitreiierarhi.com\/index.php\/2026\/08\/30\/sfarsit-de-an-scolar-la-scoala-regina-maria-din-paris\/\">Poursuivre la lecture <span class=\"screen-reader-text\">Sf\u00e2r\u0219it de an \u0219colar la \u0218coala \u00ab Regina Maria \u00bb din Paris<\/span><\/a><\/p>\n","protected":false},"author":1,"featured_media":871,"comment_status":"open","ping_status":"open","sticky":false,"template":"","format":"standard","meta":{"footnotes":""},"categories":[8],"tags":[],"class_list":["post-870","post","type-post","status-publish","format-standard","has-post-thumbnail","hentry","category-viata-parohiei","entry"],"_links":{"self":[{"href":"https:\/\/parohia-sfintiitreiierarhi.com\/index.php\/wp-json\/wp\/v2\/posts\/870","targetHints":{"allow":["GET"]}}],"collection":[{"href":"https:\/\/parohia-sfintiitreiierarhi.com\/index.php\/wp-json\/wp\/v2\/posts"}],"about":[{"href":"https:\/\/parohia-sfintiitreiierarhi.com\/index.php\/wp-json\/wp\/v2\/types\/post"}],"author":[{"embeddable":true,"href":"https:\/\/parohia-sfintiitreiierarhi.com\/index.php\/wp-json\/wp\/v2\/users\/1"}],"replies":[{"embeddable":true,"href":"https:\/\/parohia-sfintiitreiierarhi.com\/index.php\/wp-json\/wp\/v2\/comments?post=870"}],"version-history":[{"count":2,"href":"https:\/\/parohia-sfintiitreiierarhi.com\/index.php\/wp-json\/wp\/v2\/posts\/870\/revisions"}],"predecessor-version":[{"id":873,"href":"https:\/\/parohia-sfintiitreiierarhi.com\/index.php\/wp-json\/wp\/v2\/posts\/870\/revisions\/873"}],"wp:featuredmedia":[{"embeddable":true,"href":"https:\/\/parohia-sfintiitreiierarhi.com\/index.php\/wp-json\/wp\/v2\/media\/871"}],"wp:attachment":[{"href":"https:\/\/parohia-sfintiitreiierarhi.com\/index.php\/wp-json\/wp\/v2\/media?parent=870"}],"wp:term":[{"taxonomy":"category","embeddable":true,"href":"https:\/\/parohia-sfintiitreiierarhi.com\/index.php\/wp-json\/wp\/v2\/categories?post=870"},{"taxonomy":"post_tag","embeddable":true,"href":"https:\/\/parohia-sfintiitreiierarhi.com\/index.php\/wp-json\/wp\/v2\/tags?post=870"}],"curies":[{"name":"wp","href":"https:\/\/api.w.org\/{rel}","templated":true}]}}